
			
				

					
				

			
		{"items":"\n\t\t\t\t\t\t\t\t\t\t\t<p>El objetivo principal de una destilaci\u00f3n, es obtener el componente m\u00e1s vol\u00e1til de una soluci\u00f3n en su forma m\u00e1s pura...<\/p><p class=\"read-more-section\"><a class=\"\" href=\"https:\/\/samkya.bio\/que-son-las-destilaciones-puras\/\">Leer m\u00e1s<\/a><\/p>\t\t\t<link rel=\"stylesheet\" id=\"wd-post-types-mod-categories-style-bg-css\" href=\"https:\/\/samkya.bio\/wp-content\/themes\/woodmart\/css\/parts\/post-types-mod-categories-style-bg.min.css?ver=8.2.6\" type=\"text\/css\" media=\"all\" \/> \t\t\t\n<article id=\"post-224\" class=\"wd-post blog-design-default blog-post-loop blog-style-flat wd-col post-224 post type-post status-publish format-standard has-post-thumbnail hentry category-terapeutico tag-aceites-esenciales tag-beneficios tag-destilacion-al-vapor tag-destilaciones tag-fragancia-sintetica tag-presion-en-frio tag-pureza\">\n\t<div class=\"wd-post-inner article-inner\">\n\t\t\t\t\t<div class=\"wd-post-thumb entry-header\">\n\t\t\t\t\t\t\t\t\t<div class=\"wd-post-img post-img-wrapp\">\n\t\t\t\t\t\t<img width=\"500\" height=\"500\" src=\"https:\/\/samkya.bio\/wp-content\/uploads\/2021\/09\/Destilaciones_puras.jpg\" class=\"attachment-large size-large\" alt=\"Destilaciones puras\" decoding=\"async\" srcset=\"https:\/\/samkya.bio\/wp-content\/uploads\/2021\/09\/Destilaciones_puras.jpg 500w, https:\/\/samkya.bio\/wp-content\/uploads\/2021\/09\/Destilaciones_puras-300x300.jpg 300w, https:\/\/samkya.bio\/wp-content\/uploads\/2021\/09\/Destilaciones_puras-150x150.jpg 150w, https:\/\/samkya.bio\/wp-content\/uploads\/2021\/09\/Destilaciones_puras-450x450.jpg 450w, https:\/\/samkya.bio\/wp-content\/uploads\/2021\/09\/Destilaciones_puras-120x120.jpg 120w\" sizes=\"(max-width: 500px) 100vw, 500px\" \/>\t\t\t\t\t<\/div>\n\t\t\t\t\t<a class=\"wd-fill\" href=\"https:\/\/samkya.bio\/que-son-las-destilaciones-puras\/\"><\/a>\n\t\t\t\t\n\t\t\t\t\t\t\t\t\t\t\t\t<link rel=\"stylesheet\" id=\"wd-post-types-mod-date-style-bg-css\" href=\"https:\/\/samkya.bio\/wp-content\/themes\/woodmart\/css\/parts\/post-types-mod-date-style-bg.min.css?ver=8.2.6\" type=\"text\/css\" media=\"all\" \/> \t\t\t\t\t\t<div class=\"wd-post-date wd-style-with-bg\">\n\t\t\t\t<span class=\"post-date-day\">\n\t\t\t\t\t20\t\t\t\t<\/span>\n\t\t\t\t<span class=\"post-date-month\">\n\t\t\t\t\tSep\t\t\t\t<\/span>\n\t\t\t<\/div>\n\t\t\t\t\t\t\t\t\t<\/div>\n\t\t\n\t\t<div class=\"wd-post-content article-body-container\">\n\t\t\t\t\t\t\t<div class=\"wd-post-cat wd-style-with-bg meta-post-categories\">\n\t\t\t\t\t<a href=\"https:\/\/samkya.bio\/category\/terapeutico\/\" rel=\"category tag\">Terap\u00e9utico<\/a>\t\t\t\t<\/div>\n\t\t\t\n\t\t\t\t\t\t\t<h3 class=\"wd-post-title wd-entities-title title post-title\">\n\t\t\t\t\t<a href=\"https:\/\/samkya.bio\/que-son-las-destilaciones-puras\/\" rel=\"bookmark\">\u00bfQu\u00e9 son las destilaciones puras?<\/a>\n\t\t\t\t<\/h3>\n\t\t\t\n\t\t\t\t\t\t\t<div class=\"wd-post-meta\">\n\t\t\t\t\t\t\t\t\t\t\t\t\t<link rel=\"stylesheet\" id=\"wd-blog-mod-author-css\" href=\"https:\/\/samkya.bio\/wp-content\/themes\/woodmart\/css\/parts\/blog-mod-author.min.css?ver=8.2.6\" type=\"text\/css\" media=\"all\" \/> \t\t\t\t\t\t\t\t<div class=\"wd-post-author\">\n\t\t\t\t\t\t\t\t\t\t\t<span>Escrito por<\/span>\n\t\t\n\t\t\t\t\t<img alt='author-avatar' src='https:\/\/secure.gravatar.com\/avatar\/e0d19cce4489f5dafc49ab1456fa496b1d611891fe4c6b2147d3007ad8be981b?s=18&#038;d=mm&#038;r=g' srcset='https:\/\/secure.gravatar.com\/avatar\/e0d19cce4489f5dafc49ab1456fa496b1d611891fe4c6b2147d3007ad8be981b?s=36&#038;d=mm&#038;r=g 2x' class='avatar avatar-18 photo' height='18' width='18' decoding='async'\/>\t\t\n\t\t\t\t\t<a href=\"https:\/\/samkya.bio\/author\/diezmilseresestudiogmail-com\/\" class=\"author\" rel=\"author\">catalina heber<\/a>\n\t\t\t\t\t\t\t\t\t<\/div>\n\t\t\t\t\t<div class=\"wd-modified-date\">\n\t\t\t\t\t\t\t\t<time class=\"updated\" datetime=\"2021-09-21T11:15:37-03:00\">\n\t\t\t21 septiembre, 2021\t\t<\/time>\n\t\t\t\t\t\t\t<\/div>\n\n\t\t\t\t\t\t\t\t\t\t\t<div class=\"wd-post-share wd-tltp\">\n\t\t\t\t\t\t\t<div class=\"tooltip top\">\n\t\t\t\t\t\t\t\t<div class=\"tooltip-inner\">\n\t\t\t\t\t\t\t\t\t\t\t\t<link rel=\"stylesheet\" id=\"wd-social-icons-css\" href=\"https:\/\/samkya.bio\/wp-content\/themes\/woodmart\/css\/parts\/el-social-icons.min.css?ver=8.2.6\" type=\"text\/css\" media=\"all\" \/> \t\t\t\t\t\t<div\n\t\t\t\t\t\tclass=\" wd-social-icons wd-style-default wd-size-small social-share wd-shape-circle color-scheme-light text-center\">\n\t\t\t\t\n\t\t\t\t\n\t\t\t\t\t\t\t\t\t<a rel=\"noopener noreferrer nofollow\" href=\"https:\/\/www.facebook.com\/sharer\/sharer.php?u=https:\/\/samkya.bio\/que-son-las-destilaciones-puras\/\" target=\"_blank\" class=\" wd-social-icon social-facebook\" aria-label=\"Facebook social link\">\n\t\t\t\t\t\t<span class=\"wd-icon\"><\/span>\n\t\t\t\t\t\t\t\t\t\t\t<\/a>\n\t\t\t\t\n\t\t\t\t\t\t\t\t\t<a rel=\"noopener noreferrer nofollow\" href=\"https:\/\/x.com\/share?url=https:\/\/samkya.bio\/que-son-las-destilaciones-puras\/\" target=\"_blank\" class=\" wd-social-icon social-twitter\" aria-label=\"X social link\">\n\t\t\t\t\t\t<span class=\"wd-icon\"><\/span>\n\t\t\t\t\t\t\t\t\t\t\t<\/a>\n\t\t\t\t\n\t\t\t\t\n\t\t\t\t\n\t\t\t\t\n\t\t\t\t\n\t\t\t\t\n\t\t\t\t\t\t\t\t\t<a rel=\"noopener noreferrer nofollow\" href=\"https:\/\/pinterest.com\/pin\/create\/button\/?url=https:\/\/samkya.bio\/que-son-las-destilaciones-puras\/&media=https:\/\/samkya.bio\/wp-content\/uploads\/2021\/09\/Destilaciones_puras.jpg&description=%C2%BFQu%C3%A9+son+las+destilaciones+puras%3F\" target=\"_blank\" class=\" wd-social-icon social-pinterest\" aria-label=\"Pinterest social link\">\n\t\t\t\t\t\t<span class=\"wd-icon\"><\/span>\n\t\t\t\t\t\t\t\t\t\t\t<\/a>\n\t\t\t\t\n\t\t\t\t\n\t\t\t\t\t\t\t\t\t<a rel=\"noopener noreferrer nofollow\" href=\"https:\/\/www.linkedin.com\/shareArticle?mini=true&url=https:\/\/samkya.bio\/que-son-las-destilaciones-puras\/\" target=\"_blank\" class=\" wd-social-icon social-linkedin\" aria-label=\"Linkedin social link\">\n\t\t\t\t\t\t<span class=\"wd-icon\"><\/span>\n\t\t\t\t\t\t\t\t\t\t\t<\/a>\n\t\t\t\t\n\t\t\t\t\n\t\t\t\t\n\t\t\t\t\n\t\t\t\t\n\t\t\t\t\n\t\t\t\t\n\t\t\t\t\n\t\t\t\t\n\t\t\t\t\n\t\t\t\t\n\t\t\t\t\n\t\t\t\t\n\t\t\t\t\n\t\t\t\t\n\t\t\t\t\t\t\t\t\t<a rel=\"noopener noreferrer nofollow\" href=\"https:\/\/telegram.me\/share\/url?url=https:\/\/samkya.bio\/que-son-las-destilaciones-puras\/\" target=\"_blank\" class=\" wd-social-icon social-tg\" aria-label=\"Telegram social link\">\n\t\t\t\t\t\t<span class=\"wd-icon\"><\/span>\n\t\t\t\t\t\t\t\t\t\t\t<\/a>\n\t\t\t\t\n\t\t\t\t\n\t\t\t<\/div>\n\n\t\t\t\t\t\t\t\t\t\t<\/div>\n\t\t\t\t\t\t\t\t<div class=\"tooltip-arrow\"><\/div>\n\t\t\t\t\t\t\t<\/div>\n\t\t\t\t\t\t<\/div>\n\t\t\t\t\t\n\t\t\t\t\t\t\t\t\t\t\t\t\t\t<link rel=\"stylesheet\" id=\"wd-blog-mod-comments-button-css\" href=\"https:\/\/samkya.bio\/wp-content\/themes\/woodmart\/css\/parts\/blog-mod-comments-button.min.css?ver=8.2.6\" type=\"text\/css\" media=\"all\" \/> \t\t\t\t\t\t\t\t\t<div class=\"wd-post-reply wd-style-1\">\n\t\t\t\t\t\t\t<a href=\"https:\/\/samkya.bio\/que-son-las-destilaciones-puras\/#respond\"><span class=\"wd-replies-count\">0<\/span><\/a>\t\t\t\t\t\t<\/div>\n\t\t\t\t\t\t\t\t\t<\/div>\n\t\t\t\n\t\t\t\t\t\t\t\t\t\t\t\t<div class=\"wd-post-excerpt entry-content\">\n\t\t\t\t\t\t\t\t\t\t\t<\/div>\n\t\t\t\t\n\t\t\t\t\t\t\t\t\t\t\t\t\t\t<div class=\"wd-post-read-more wd-style-link read-more-section\">\n\t\t\t\t\t\t<a class=\"\" href=\"https:\/\/samkya.bio\/que-son-las-destilaciones-puras\/\">Leer m\u00e1s<\/a>\t\t\t\t\t<\/div>\n\t\t\t\t\t\t\t\t\t\t\t\t\t<\/div>\n\t<\/div>\n<\/article>\n\n\t\t\t\t\t\t\t\t\t\t\t<p>\u00bfSab\u00edas que plantando 6 \u00e1rboles por mes podemos reducir una parte de nuestro impacto en el planeta?\r\n\r\nDesde Samkya decidimos apoyar...<\/p><p class=\"read-more-section\"><a class=\"\" href=\"https:\/\/samkya.bio\/bosques-de-agua\/\">Leer m\u00e1s<\/a><\/p>\n<article id=\"post-222\" class=\"wd-post blog-design-default blog-post-loop blog-style-flat wd-col post-222 post type-post status-publish format-standard has-post-thumbnail hentry category-social tag-biodiversidad tag-bosques-de-agua tag-cordoba tag-cuenca-hidrica tag-ecosistema tag-reforestacion tag-tabaquillo\">\n\t<div class=\"wd-post-inner article-inner\">\n\t\t\t\t\t<div class=\"wd-post-thumb entry-header\">\n\t\t\t\t\t\t\t\t\t<div class=\"wd-post-img post-img-wrapp\">\n\t\t\t\t\t\t<img width=\"1024\" height=\"766\" src=\"https:\/\/samkya.bio\/wp-content\/uploads\/2021\/09\/Bosques_de_Agua-scaled-1024x766.jpg\" class=\"attachment-large size-large\" alt=\"View,Of,A,Tabaquillo,Tree,At,Reserva,Florofaunistica,Reserve,In\" decoding=\"async\" srcset=\"https:\/\/samkya.bio\/wp-content\/uploads\/2021\/09\/Bosques_de_Agua-scaled-1024x766.jpg 1024w, https:\/\/samkya.bio\/wp-content\/uploads\/2021\/09\/Bosques_de_Agua-scaled-300x225.jpg 300w, https:\/\/samkya.bio\/wp-content\/uploads\/2021\/09\/Bosques_de_Agua-scaled-768x575.jpg 768w, https:\/\/samkya.bio\/wp-content\/uploads\/2021\/09\/Bosques_de_Agua-scaled-1536x1150.jpg 1536w, https:\/\/samkya.bio\/wp-content\/uploads\/2021\/09\/Bosques_de_Agua-scaled-2048x1533.jpg 2048w, https:\/\/samkya.bio\/wp-content\/uploads\/2021\/09\/Bosques_de_Agua-scaled-600x449.jpg 600w, https:\/\/samkya.bio\/wp-content\/uploads\/2021\/09\/Bosques_de_Agua-scaled-150x112.jpg 150w\" sizes=\"(max-width: 1024px) 100vw, 1024px\" \/>\t\t\t\t\t<\/div>\n\t\t\t\t\t<a class=\"wd-fill\" href=\"https:\/\/samkya.bio\/bosques-de-agua\/\"><\/a>\n\t\t\t\t\n\t\t\t\t\t\t\t\t\t\t\t\t<div class=\"wd-post-date wd-style-with-bg\">\n\t\t\t\t<span class=\"post-date-day\">\n\t\t\t\t\t20\t\t\t\t<\/span>\n\t\t\t\t<span class=\"post-date-month\">\n\t\t\t\t\tSep\t\t\t\t<\/span>\n\t\t\t<\/div>\n\t\t\t\t\t\t\t\t\t<\/div>\n\t\t\n\t\t<div class=\"wd-post-content article-body-container\">\n\t\t\t\t\t\t\t<div class=\"wd-post-cat wd-style-with-bg meta-post-categories\">\n\t\t\t\t\t<a href=\"https:\/\/samkya.bio\/category\/social\/\" rel=\"category tag\">Social<\/a>\t\t\t\t<\/div>\n\t\t\t\n\t\t\t\t\t\t\t<h3 class=\"wd-post-title wd-entities-title title post-title\">\n\t\t\t\t\t<a href=\"https:\/\/samkya.bio\/bosques-de-agua\/\" rel=\"bookmark\">Bosques de Agua<\/a>\n\t\t\t\t<\/h3>\n\t\t\t\n\t\t\t\t\t\t\t<div class=\"wd-post-meta\">\n\t\t\t\t\t\t\t\t\t\t\t\t\t\t\t<div class=\"wd-post-author\">\n\t\t\t\t\t\t\t\t\t\t\t<span>Escrito por<\/span>\n\t\t\n\t\t\t\t\t<img alt='author-avatar' src='https:\/\/secure.gravatar.com\/avatar\/e0d19cce4489f5dafc49ab1456fa496b1d611891fe4c6b2147d3007ad8be981b?s=18&#038;d=mm&#038;r=g' srcset='https:\/\/secure.gravatar.com\/avatar\/e0d19cce4489f5dafc49ab1456fa496b1d611891fe4c6b2147d3007ad8be981b?s=36&#038;d=mm&#038;r=g 2x' class='avatar avatar-18 photo' height='18' width='18' decoding='async'\/>\t\t\n\t\t\t\t\t<a href=\"https:\/\/samkya.bio\/author\/diezmilseresestudiogmail-com\/\" class=\"author\" rel=\"author\">catalina heber<\/a>\n\t\t\t\t\t\t\t\t\t<\/div>\n\t\t\t\t\t<div class=\"wd-modified-date\">\n\t\t\t\t\t\t\t\t<time class=\"updated\" datetime=\"2021-09-21T11:14:29-03:00\">\n\t\t\t21 septiembre, 2021\t\t<\/time>\n\t\t\t\t\t\t\t<\/div>\n\n\t\t\t\t\t\t\t\t\t\t\t<div class=\"wd-post-share wd-tltp\">\n\t\t\t\t\t\t\t<div class=\"tooltip top\">\n\t\t\t\t\t\t\t\t<div class=\"tooltip-inner\">\n\t\t\t\t\t\t\t\t\t\t\t\t<div\n\t\t\t\t\t\tclass=\" wd-social-icons wd-style-default wd-size-small social-share wd-shape-circle color-scheme-light text-center\">\n\t\t\t\t\n\t\t\t\t\n\t\t\t\t\t\t\t\t\t<a rel=\"noopener noreferrer nofollow\" href=\"https:\/\/www.facebook.com\/sharer\/sharer.php?u=https:\/\/samkya.bio\/bosques-de-agua\/\" target=\"_blank\" class=\" wd-social-icon social-facebook\" aria-label=\"Facebook social link\">\n\t\t\t\t\t\t<span class=\"wd-icon\"><\/span>\n\t\t\t\t\t\t\t\t\t\t\t<\/a>\n\t\t\t\t\n\t\t\t\t\t\t\t\t\t<a rel=\"noopener noreferrer nofollow\" href=\"https:\/\/x.com\/share?url=https:\/\/samkya.bio\/bosques-de-agua\/\" target=\"_blank\" class=\" wd-social-icon social-twitter\" aria-label=\"X social link\">\n\t\t\t\t\t\t<span class=\"wd-icon\"><\/span>\n\t\t\t\t\t\t\t\t\t\t\t<\/a>\n\t\t\t\t\n\t\t\t\t\n\t\t\t\t\n\t\t\t\t\n\t\t\t\t\n\t\t\t\t\n\t\t\t\t\t\t\t\t\t<a rel=\"noopener noreferrer nofollow\" href=\"https:\/\/pinterest.com\/pin\/create\/button\/?url=https:\/\/samkya.bio\/bosques-de-agua\/&media=https:\/\/samkya.bio\/wp-content\/uploads\/2021\/09\/Bosques_de_Agua-scaled.jpg&description=Bosques+de+Agua\" target=\"_blank\" class=\" wd-social-icon social-pinterest\" aria-label=\"Pinterest social link\">\n\t\t\t\t\t\t<span class=\"wd-icon\"><\/span>\n\t\t\t\t\t\t\t\t\t\t\t<\/a>\n\t\t\t\t\n\t\t\t\t\n\t\t\t\t\t\t\t\t\t<a rel=\"noopener noreferrer nofollow\" href=\"https:\/\/www.linkedin.com\/shareArticle?mini=true&url=https:\/\/samkya.bio\/bosques-de-agua\/\" target=\"_blank\" class=\" wd-social-icon social-linkedin\" aria-label=\"Linkedin social link\">\n\t\t\t\t\t\t<span class=\"wd-icon\"><\/span>\n\t\t\t\t\t\t\t\t\t\t\t<\/a>\n\t\t\t\t\n\t\t\t\t\n\t\t\t\t\n\t\t\t\t\n\t\t\t\t\n\t\t\t\t\n\t\t\t\t\n\t\t\t\t\n\t\t\t\t\n\t\t\t\t\n\t\t\t\t\n\t\t\t\t\n\t\t\t\t\n\t\t\t\t\n\t\t\t\t\n\t\t\t\t\t\t\t\t\t<a rel=\"noopener noreferrer nofollow\" href=\"https:\/\/telegram.me\/share\/url?url=https:\/\/samkya.bio\/bosques-de-agua\/\" target=\"_blank\" class=\" wd-social-icon social-tg\" aria-label=\"Telegram social link\">\n\t\t\t\t\t\t<span class=\"wd-icon\"><\/span>\n\t\t\t\t\t\t\t\t\t\t\t<\/a>\n\t\t\t\t\n\t\t\t\t\n\t\t\t<\/div>\n\n\t\t\t\t\t\t\t\t\t\t<\/div>\n\t\t\t\t\t\t\t\t<div class=\"tooltip-arrow\"><\/div>\n\t\t\t\t\t\t\t<\/div>\n\t\t\t\t\t\t<\/div>\n\t\t\t\t\t\n\t\t\t\t\t\t\t\t\t\t\t\t\t\t\t\t\t<div class=\"wd-post-reply wd-style-1\">\n\t\t\t\t\t\t\t<a href=\"https:\/\/samkya.bio\/bosques-de-agua\/#respond\"><span class=\"wd-replies-count\">0<\/span><\/a>\t\t\t\t\t\t<\/div>\n\t\t\t\t\t\t\t\t\t<\/div>\n\t\t\t\n\t\t\t\t\t\t\t\t\t\t\t\t<div class=\"wd-post-excerpt entry-content\">\n\t\t\t\t\t\t\t\t\t\t\t<\/div>\n\t\t\t\t\n\t\t\t\t\t\t\t\t\t\t\t\t\t\t<div class=\"wd-post-read-more wd-style-link read-more-section\">\n\t\t\t\t\t\t<a class=\"\" href=\"https:\/\/samkya.bio\/bosques-de-agua\/\">Leer m\u00e1s<\/a>\t\t\t\t\t<\/div>\n\t\t\t\t\t\t\t\t\t\t\t\t\t<\/div>\n\t<\/div>\n<\/article>\n\n\t\t\t\t\t\t\t\t\t\t\t<p>Hablar de sustentabilidad es hablar de procesos. Procesos que intentan encontrar un equilibrio justo entre los recursos naturales existentes, el...<\/p><p class=\"read-more-section\"><a class=\"\" href=\"https:\/\/samkya.bio\/que-es-la-sustentabilidad\/\">Leer m\u00e1s<\/a><\/p>\n<article id=\"post-220\" class=\"wd-post blog-design-default blog-post-loop blog-style-flat wd-col post-220 post type-post status-publish format-standard has-post-thumbnail hentry category-sustentabilidad tag-medioambiente tag-naturaleza tag-planeta tag-preservar tag-recursos-naturales tag-sustentabilidad tag-tierra\">\n\t<div class=\"wd-post-inner article-inner\">\n\t\t\t\t\t<div class=\"wd-post-thumb entry-header\">\n\t\t\t\t\t\t\t\t\t<div class=\"wd-post-img post-img-wrapp\">\n\t\t\t\t\t\t<img width=\"1024\" height=\"683\" src=\"https:\/\/samkya.bio\/wp-content\/uploads\/2021\/09\/Que_es_sustentabilidad-1024x683.jpeg\" class=\"attachment-large size-large\" alt=\"Que es sustentabilidad\" decoding=\"async\" srcset=\"https:\/\/samkya.bio\/wp-content\/uploads\/2021\/09\/Que_es_sustentabilidad-1024x683.jpeg 1024w, https:\/\/samkya.bio\/wp-content\/uploads\/2021\/09\/Que_es_sustentabilidad-300x200.jpeg 300w, https:\/\/samkya.bio\/wp-content\/uploads\/2021\/09\/Que_es_sustentabilidad-768x512.jpeg 768w, https:\/\/samkya.bio\/wp-content\/uploads\/2021\/09\/Que_es_sustentabilidad-600x400.jpeg 600w, https:\/\/samkya.bio\/wp-content\/uploads\/2021\/09\/Que_es_sustentabilidad-150x100.jpeg 150w, https:\/\/samkya.bio\/wp-content\/uploads\/2021\/09\/Que_es_sustentabilidad.jpeg 1350w\" sizes=\"(max-width: 1024px) 100vw, 1024px\" \/>\t\t\t\t\t<\/div>\n\t\t\t\t\t<a class=\"wd-fill\" href=\"https:\/\/samkya.bio\/que-es-la-sustentabilidad\/\"><\/a>\n\t\t\t\t\n\t\t\t\t\t\t\t\t\t\t\t\t<div class=\"wd-post-date wd-style-with-bg\">\n\t\t\t\t<span class=\"post-date-day\">\n\t\t\t\t\t20\t\t\t\t<\/span>\n\t\t\t\t<span class=\"post-date-month\">\n\t\t\t\t\tSep\t\t\t\t<\/span>\n\t\t\t<\/div>\n\t\t\t\t\t\t\t\t\t<\/div>\n\t\t\n\t\t<div class=\"wd-post-content article-body-container\">\n\t\t\t\t\t\t\t<div class=\"wd-post-cat wd-style-with-bg meta-post-categories\">\n\t\t\t\t\t<a href=\"https:\/\/samkya.bio\/category\/sustentabilidad\/\" rel=\"category tag\">Sustentabilidad<\/a>\t\t\t\t<\/div>\n\t\t\t\n\t\t\t\t\t\t\t<h3 class=\"wd-post-title wd-entities-title title post-title\">\n\t\t\t\t\t<a href=\"https:\/\/samkya.bio\/que-es-la-sustentabilidad\/\" rel=\"bookmark\">\u00bfQu\u00e9 es la sustentabilidad?<\/a>\n\t\t\t\t<\/h3>\n\t\t\t\n\t\t\t\t\t\t\t<div class=\"wd-post-meta\">\n\t\t\t\t\t\t\t\t\t\t\t\t\t\t\t<div class=\"wd-post-author\">\n\t\t\t\t\t\t\t\t\t\t\t<span>Escrito por<\/span>\n\t\t\n\t\t\t\t\t<img alt='author-avatar' src='https:\/\/secure.gravatar.com\/avatar\/e0d19cce4489f5dafc49ab1456fa496b1d611891fe4c6b2147d3007ad8be981b?s=18&#038;d=mm&#038;r=g' srcset='https:\/\/secure.gravatar.com\/avatar\/e0d19cce4489f5dafc49ab1456fa496b1d611891fe4c6b2147d3007ad8be981b?s=36&#038;d=mm&#038;r=g 2x' class='avatar avatar-18 photo' height='18' width='18' decoding='async'\/>\t\t\n\t\t\t\t\t<a href=\"https:\/\/samkya.bio\/author\/diezmilseresestudiogmail-com\/\" class=\"author\" rel=\"author\">catalina heber<\/a>\n\t\t\t\t\t\t\t\t\t<\/div>\n\t\t\t\t\t<div class=\"wd-modified-date\">\n\t\t\t\t\t\t\t\t<time class=\"updated\" datetime=\"2021-09-21T11:13:48-03:00\">\n\t\t\t21 septiembre, 2021\t\t<\/time>\n\t\t\t\t\t\t\t<\/div>\n\n\t\t\t\t\t\t\t\t\t\t\t<div class=\"wd-post-share wd-tltp\">\n\t\t\t\t\t\t\t<div class=\"tooltip top\">\n\t\t\t\t\t\t\t\t<div class=\"tooltip-inner\">\n\t\t\t\t\t\t\t\t\t\t\t\t<div\n\t\t\t\t\t\tclass=\" wd-social-icons wd-style-default wd-size-small social-share wd-shape-circle color-scheme-light text-center\">\n\t\t\t\t\n\t\t\t\t\n\t\t\t\t\t\t\t\t\t<a rel=\"noopener noreferrer nofollow\" href=\"https:\/\/www.facebook.com\/sharer\/sharer.php?u=https:\/\/samkya.bio\/que-es-la-sustentabilidad\/\" target=\"_blank\" class=\" wd-social-icon social-facebook\" aria-label=\"Facebook social link\">\n\t\t\t\t\t\t<span class=\"wd-icon\"><\/span>\n\t\t\t\t\t\t\t\t\t\t\t<\/a>\n\t\t\t\t\n\t\t\t\t\t\t\t\t\t<a rel=\"noopener noreferrer nofollow\" href=\"https:\/\/x.com\/share?url=https:\/\/samkya.bio\/que-es-la-sustentabilidad\/\" target=\"_blank\" class=\" wd-social-icon social-twitter\" aria-label=\"X social link\">\n\t\t\t\t\t\t<span class=\"wd-icon\"><\/span>\n\t\t\t\t\t\t\t\t\t\t\t<\/a>\n\t\t\t\t\n\t\t\t\t\n\t\t\t\t\n\t\t\t\t\n\t\t\t\t\n\t\t\t\t\n\t\t\t\t\t\t\t\t\t<a rel=\"noopener noreferrer nofollow\" href=\"https:\/\/pinterest.com\/pin\/create\/button\/?url=https:\/\/samkya.bio\/que-es-la-sustentabilidad\/&media=https:\/\/samkya.bio\/wp-content\/uploads\/2021\/09\/Que_es_sustentabilidad.jpeg&description=%C2%BFQu%C3%A9+es+la+sustentabilidad%3F\" target=\"_blank\" class=\" wd-social-icon social-pinterest\" aria-label=\"Pinterest social link\">\n\t\t\t\t\t\t<span class=\"wd-icon\"><\/span>\n\t\t\t\t\t\t\t\t\t\t\t<\/a>\n\t\t\t\t\n\t\t\t\t\n\t\t\t\t\t\t\t\t\t<a rel=\"noopener noreferrer nofollow\" href=\"https:\/\/www.linkedin.com\/shareArticle?mini=true&url=https:\/\/samkya.bio\/que-es-la-sustentabilidad\/\" target=\"_blank\" class=\" wd-social-icon social-linkedin\" aria-label=\"Linkedin social link\">\n\t\t\t\t\t\t<span class=\"wd-icon\"><\/span>\n\t\t\t\t\t\t\t\t\t\t\t<\/a>\n\t\t\t\t\n\t\t\t\t\n\t\t\t\t\n\t\t\t\t\n\t\t\t\t\n\t\t\t\t\n\t\t\t\t\n\t\t\t\t\n\t\t\t\t\n\t\t\t\t\n\t\t\t\t\n\t\t\t\t\n\t\t\t\t\n\t\t\t\t\n\t\t\t\t\n\t\t\t\t\t\t\t\t\t<a rel=\"noopener noreferrer nofollow\" href=\"https:\/\/telegram.me\/share\/url?url=https:\/\/samkya.bio\/que-es-la-sustentabilidad\/\" target=\"_blank\" class=\" wd-social-icon social-tg\" aria-label=\"Telegram social link\">\n\t\t\t\t\t\t<span class=\"wd-icon\"><\/span>\n\t\t\t\t\t\t\t\t\t\t\t<\/a>\n\t\t\t\t\n\t\t\t\t\n\t\t\t<\/div>\n\n\t\t\t\t\t\t\t\t\t\t<\/div>\n\t\t\t\t\t\t\t\t<div class=\"tooltip-arrow\"><\/div>\n\t\t\t\t\t\t\t<\/div>\n\t\t\t\t\t\t<\/div>\n\t\t\t\t\t\n\t\t\t\t\t\t\t\t\t\t\t\t\t\t\t\t\t<div class=\"wd-post-reply wd-style-1\">\n\t\t\t\t\t\t\t<a href=\"https:\/\/samkya.bio\/que-es-la-sustentabilidad\/#respond\"><span class=\"wd-replies-count\">0<\/span><\/a>\t\t\t\t\t\t<\/div>\n\t\t\t\t\t\t\t\t\t<\/div>\n\t\t\t\n\t\t\t\t\t\t\t\t\t\t\t\t<div class=\"wd-post-excerpt entry-content\">\n\t\t\t\t\t\t\t\t\t\t\t<\/div>\n\t\t\t\t\n\t\t\t\t\t\t\t\t\t\t\t\t\t\t<div class=\"wd-post-read-more wd-style-link read-more-section\">\n\t\t\t\t\t\t<a class=\"\" href=\"https:\/\/samkya.bio\/que-es-la-sustentabilidad\/\">Leer m\u00e1s<\/a>\t\t\t\t\t<\/div>\n\t\t\t\t\t\t\t\t\t\t\t\t\t<\/div>\n\t<\/div>\n<\/article>\n\n\t\t\t\t\t\t\t\t\t\t\t<p>La Lavanda (Lavandula angustifolia y officinalis) nos brinda grandes beneficios a nivel f\u00edsico, emocional y espiritual pues colabora en la...<\/p><p class=\"read-more-section\"><a class=\"\" href=\"https:\/\/samkya.bio\/beneficios-de-la-lavanda-mente-cuerpo-y-espiritu\/\">Leer m\u00e1s<\/a><\/p>\n<article id=\"post-215\" class=\"wd-post blog-design-default blog-post-loop blog-style-flat wd-col post-215 post type-post status-publish format-standard has-post-thumbnail hentry category-terapeutico tag-aceite-esencial tag-antiinflamatoria tag-antioxidante tag-lavanda tag-reconstituyente tag-relajante tag-sedante\">\n\t<div class=\"wd-post-inner article-inner\">\n\t\t\t\t\t<div class=\"wd-post-thumb entry-header\">\n\t\t\t\t\t\t\t\t\t<div class=\"wd-post-img post-img-wrapp\">\n\t\t\t\t\t\t<img width=\"683\" height=\"1024\" src=\"https:\/\/samkya.bio\/wp-content\/uploads\/2021\/09\/Beneficios_Lavanda-1-683x1024.jpg\" class=\"attachment-large size-large\" alt=\"Beneficios Lavanda\" decoding=\"async\" srcset=\"https:\/\/samkya.bio\/wp-content\/uploads\/2021\/09\/Beneficios_Lavanda-1-683x1024.jpg 683w, https:\/\/samkya.bio\/wp-content\/uploads\/2021\/09\/Beneficios_Lavanda-1-200x300.jpg 200w, https:\/\/samkya.bio\/wp-content\/uploads\/2021\/09\/Beneficios_Lavanda-1-768x1152.jpg 768w, https:\/\/samkya.bio\/wp-content\/uploads\/2021\/09\/Beneficios_Lavanda-1-1024x1536.jpg 1024w, https:\/\/samkya.bio\/wp-content\/uploads\/2021\/09\/Beneficios_Lavanda-1-1365x2048.jpg 1365w, https:\/\/samkya.bio\/wp-content\/uploads\/2021\/09\/Beneficios_Lavanda-1-600x900.jpg 600w, https:\/\/samkya.bio\/wp-content\/uploads\/2021\/09\/Beneficios_Lavanda-1-150x225.jpg 150w, https:\/\/samkya.bio\/wp-content\/uploads\/2021\/09\/Beneficios_Lavanda-1.jpg 1588w\" sizes=\"(max-width: 683px) 100vw, 683px\" \/>\t\t\t\t\t<\/div>\n\t\t\t\t\t<a class=\"wd-fill\" href=\"https:\/\/samkya.bio\/beneficios-de-la-lavanda-mente-cuerpo-y-espiritu\/\"><\/a>\n\t\t\t\t\n\t\t\t\t\t\t\t\t\t\t\t\t<div class=\"wd-post-date wd-style-with-bg\">\n\t\t\t\t<span class=\"post-date-day\">\n\t\t\t\t\t20\t\t\t\t<\/span>\n\t\t\t\t<span class=\"post-date-month\">\n\t\t\t\t\tSep\t\t\t\t<\/span>\n\t\t\t<\/div>\n\t\t\t\t\t\t\t\t\t<\/div>\n\t\t\n\t\t<div class=\"wd-post-content article-body-container\">\n\t\t\t\t\t\t\t<div class=\"wd-post-cat wd-style-with-bg meta-post-categories\">\n\t\t\t\t\t<a href=\"https:\/\/samkya.bio\/category\/terapeutico\/\" rel=\"category tag\">Terap\u00e9utico<\/a>\t\t\t\t<\/div>\n\t\t\t\n\t\t\t\t\t\t\t<h3 class=\"wd-post-title wd-entities-title title post-title\">\n\t\t\t\t\t<a href=\"https:\/\/samkya.bio\/beneficios-de-la-lavanda-mente-cuerpo-y-espiritu\/\" rel=\"bookmark\">Beneficios de la Lavanda &#8211; Mente, cuerpo y esp\u00edritu<\/a>\n\t\t\t\t<\/h3>\n\t\t\t\n\t\t\t\t\t\t\t<div class=\"wd-post-meta\">\n\t\t\t\t\t\t\t\t\t\t\t\t\t\t\t<div class=\"wd-post-author\">\n\t\t\t\t\t\t\t\t\t\t\t<span>Escrito por<\/span>\n\t\t\n\t\t\t\t\t<img alt='author-avatar' src='https:\/\/secure.gravatar.com\/avatar\/e0d19cce4489f5dafc49ab1456fa496b1d611891fe4c6b2147d3007ad8be981b?s=18&#038;d=mm&#038;r=g' srcset='https:\/\/secure.gravatar.com\/avatar\/e0d19cce4489f5dafc49ab1456fa496b1d611891fe4c6b2147d3007ad8be981b?s=36&#038;d=mm&#038;r=g 2x' class='avatar avatar-18 photo' height='18' width='18' decoding='async'\/>\t\t\n\t\t\t\t\t<a href=\"https:\/\/samkya.bio\/author\/diezmilseresestudiogmail-com\/\" class=\"author\" rel=\"author\">catalina heber<\/a>\n\t\t\t\t\t\t\t\t\t<\/div>\n\t\t\t\t\t<div class=\"wd-modified-date\">\n\t\t\t\t\t\t\t\t<time class=\"updated\" datetime=\"2022-03-02T12:02:24-03:00\">\n\t\t\t2 marzo, 2022\t\t<\/time>\n\t\t\t\t\t\t\t<\/div>\n\n\t\t\t\t\t\t\t\t\t\t\t<div class=\"wd-post-share wd-tltp\">\n\t\t\t\t\t\t\t<div class=\"tooltip top\">\n\t\t\t\t\t\t\t\t<div class=\"tooltip-inner\">\n\t\t\t\t\t\t\t\t\t\t\t\t<div\n\t\t\t\t\t\tclass=\" wd-social-icons wd-style-default wd-size-small social-share wd-shape-circle color-scheme-light text-center\">\n\t\t\t\t\n\t\t\t\t\n\t\t\t\t\t\t\t\t\t<a rel=\"noopener noreferrer nofollow\" href=\"https:\/\/www.facebook.com\/sharer\/sharer.php?u=https:\/\/samkya.bio\/beneficios-de-la-lavanda-mente-cuerpo-y-espiritu\/\" target=\"_blank\" class=\" wd-social-icon social-facebook\" aria-label=\"Facebook social link\">\n\t\t\t\t\t\t<span class=\"wd-icon\"><\/span>\n\t\t\t\t\t\t\t\t\t\t\t<\/a>\n\t\t\t\t\n\t\t\t\t\t\t\t\t\t<a rel=\"noopener noreferrer nofollow\" href=\"https:\/\/x.com\/share?url=https:\/\/samkya.bio\/beneficios-de-la-lavanda-mente-cuerpo-y-espiritu\/\" target=\"_blank\" class=\" wd-social-icon social-twitter\" aria-label=\"X social link\">\n\t\t\t\t\t\t<span class=\"wd-icon\"><\/span>\n\t\t\t\t\t\t\t\t\t\t\t<\/a>\n\t\t\t\t\n\t\t\t\t\n\t\t\t\t\n\t\t\t\t\n\t\t\t\t\n\t\t\t\t\n\t\t\t\t\t\t\t\t\t<a rel=\"noopener noreferrer nofollow\" href=\"https:\/\/pinterest.com\/pin\/create\/button\/?url=https:\/\/samkya.bio\/beneficios-de-la-lavanda-mente-cuerpo-y-espiritu\/&media=https:\/\/samkya.bio\/wp-content\/uploads\/2021\/09\/Beneficios_Lavanda-1.jpg&description=Beneficios+de+la+Lavanda+%26%238211%3B+Mente%2C+cuerpo+y+esp%C3%ADritu\" target=\"_blank\" class=\" wd-social-icon social-pinterest\" aria-label=\"Pinterest social link\">\n\t\t\t\t\t\t<span class=\"wd-icon\"><\/span>\n\t\t\t\t\t\t\t\t\t\t\t<\/a>\n\t\t\t\t\n\t\t\t\t\n\t\t\t\t\t\t\t\t\t<a rel=\"noopener noreferrer nofollow\" href=\"https:\/\/www.linkedin.com\/shareArticle?mini=true&url=https:\/\/samkya.bio\/beneficios-de-la-lavanda-mente-cuerpo-y-espiritu\/\" target=\"_blank\" class=\" wd-social-icon social-linkedin\" aria-label=\"Linkedin social link\">\n\t\t\t\t\t\t<span class=\"wd-icon\"><\/span>\n\t\t\t\t\t\t\t\t\t\t\t<\/a>\n\t\t\t\t\n\t\t\t\t\n\t\t\t\t\n\t\t\t\t\n\t\t\t\t\n\t\t\t\t\n\t\t\t\t\n\t\t\t\t\n\t\t\t\t\n\t\t\t\t\n\t\t\t\t\n\t\t\t\t\n\t\t\t\t\n\t\t\t\t\n\t\t\t\t\n\t\t\t\t\t\t\t\t\t<a rel=\"noopener noreferrer nofollow\" href=\"https:\/\/telegram.me\/share\/url?url=https:\/\/samkya.bio\/beneficios-de-la-lavanda-mente-cuerpo-y-espiritu\/\" target=\"_blank\" class=\" wd-social-icon social-tg\" aria-label=\"Telegram social link\">\n\t\t\t\t\t\t<span class=\"wd-icon\"><\/span>\n\t\t\t\t\t\t\t\t\t\t\t<\/a>\n\t\t\t\t\n\t\t\t\t\n\t\t\t<\/div>\n\n\t\t\t\t\t\t\t\t\t\t<\/div>\n\t\t\t\t\t\t\t\t<div class=\"tooltip-arrow\"><\/div>\n\t\t\t\t\t\t\t<\/div>\n\t\t\t\t\t\t<\/div>\n\t\t\t\t\t\n\t\t\t\t\t\t\t\t\t\t\t\t\t\t\t\t\t<div class=\"wd-post-reply wd-style-1\">\n\t\t\t\t\t\t\t<a href=\"https:\/\/samkya.bio\/beneficios-de-la-lavanda-mente-cuerpo-y-espiritu\/#respond\"><span class=\"wd-replies-count\">0<\/span><\/a>\t\t\t\t\t\t<\/div>\n\t\t\t\t\t\t\t\t\t<\/div>\n\t\t\t\n\t\t\t\t\t\t\t\t\t\t\t\t<div class=\"wd-post-excerpt entry-content\">\n\t\t\t\t\t\t\t\t\t\t\t<\/div>\n\t\t\t\t\n\t\t\t\t\t\t\t\t\t\t\t\t\t\t<div class=\"wd-post-read-more wd-style-link read-more-section\">\n\t\t\t\t\t\t<a class=\"\" href=\"https:\/\/samkya.bio\/beneficios-de-la-lavanda-mente-cuerpo-y-espiritu\/\">Leer m\u00e1s<\/a>\t\t\t\t\t<\/div>\n\t\t\t\t\t\t\t\t\t\t\t\t\t<\/div>\n\t<\/div>\n<\/article>\n\n\t\t\t\t\t\t\t\t\t\t\t<p>La aplicaci\u00f3n t\u00f3pica del gel de S\u00e1bila (planta de Aloe Vera) estimula la generaci\u00f3n de col\u00e1geno favoreciendo la cicatrizaci\u00f3n, ayuda...<\/p><p class=\"read-more-section\"><a class=\"\" href=\"https:\/\/samkya.bio\/experiencia-con-mascarilla-de-aloe-para-reducir-el-acne\/\">Leer m\u00e1s<\/a><\/p>\n<article id=\"post-247\" class=\"wd-post blog-design-default blog-post-loop blog-style-flat wd-col post-247 post type-post status-publish format-standard has-post-thumbnail hentry category-recetas tag-acne tag-alore-vera tag-anti tag-antiinflamatoria tag-antiseptico-natural tag-cutanea tag-receta-natural tag-regene tag-regeneracion tag-sabila\">\n\t<div class=\"wd-post-inner article-inner\">\n\t\t\t\t\t<div class=\"wd-post-thumb entry-header\">\n\t\t\t\t\t\t\t\t\t<div class=\"wd-post-img post-img-wrapp\">\n\t\t\t\t\t\t<img width=\"564\" height=\"846\" src=\"https:\/\/samkya.bio\/wp-content\/uploads\/2021\/09\/Receta_acne.jpg\" class=\"attachment-large size-large\" alt=\"Receta acne\" decoding=\"async\" srcset=\"https:\/\/samkya.bio\/wp-content\/uploads\/2021\/09\/Receta_acne.jpg 564w, https:\/\/samkya.bio\/wp-content\/uploads\/2021\/09\/Receta_acne-200x300.jpg 200w, https:\/\/samkya.bio\/wp-content\/uploads\/2021\/09\/Receta_acne-150x225.jpg 150w\" sizes=\"(max-width: 564px) 100vw, 564px\" \/>\t\t\t\t\t<\/div>\n\t\t\t\t\t<a class=\"wd-fill\" href=\"https:\/\/samkya.bio\/experiencia-con-mascarilla-de-aloe-para-reducir-el-acne\/\"><\/a>\n\t\t\t\t\n\t\t\t\t\t\t\t\t\t\t\t\t<div class=\"wd-post-date wd-style-with-bg\">\n\t\t\t\t<span class=\"post-date-day\">\n\t\t\t\t\t20\t\t\t\t<\/span>\n\t\t\t\t<span class=\"post-date-month\">\n\t\t\t\t\tSep\t\t\t\t<\/span>\n\t\t\t<\/div>\n\t\t\t\t\t\t\t\t\t<\/div>\n\t\t\n\t\t<div class=\"wd-post-content article-body-container\">\n\t\t\t\t\t\t\t<div class=\"wd-post-cat wd-style-with-bg meta-post-categories\">\n\t\t\t\t\t<a href=\"https:\/\/samkya.bio\/category\/recetas\/\" rel=\"category tag\">Recetas<\/a>\t\t\t\t<\/div>\n\t\t\t\n\t\t\t\t\t\t\t<h3 class=\"wd-post-title wd-entities-title title post-title\">\n\t\t\t\t\t<a href=\"https:\/\/samkya.bio\/experiencia-con-mascarilla-de-aloe-para-reducir-el-acne\/\" rel=\"bookmark\">Experiencia con mascarilla de Aloe para reducir el acn\u00e9<\/a>\n\t\t\t\t<\/h3>\n\t\t\t\n\t\t\t\t\t\t\t<div class=\"wd-post-meta\">\n\t\t\t\t\t\t\t\t\t\t\t\t\t\t\t<div class=\"wd-post-author\">\n\t\t\t\t\t\t\t\t\t\t\t<span>Escrito por<\/span>\n\t\t\n\t\t\t\t\t<img alt='author-avatar' src='https:\/\/secure.gravatar.com\/avatar\/e0d19cce4489f5dafc49ab1456fa496b1d611891fe4c6b2147d3007ad8be981b?s=18&#038;d=mm&#038;r=g' srcset='https:\/\/secure.gravatar.com\/avatar\/e0d19cce4489f5dafc49ab1456fa496b1d611891fe4c6b2147d3007ad8be981b?s=36&#038;d=mm&#038;r=g 2x' class='avatar avatar-18 photo' height='18' width='18' decoding='async'\/>\t\t\n\t\t\t\t\t<a href=\"https:\/\/samkya.bio\/author\/diezmilseresestudiogmail-com\/\" class=\"author\" rel=\"author\">catalina heber<\/a>\n\t\t\t\t\t\t\t\t\t<\/div>\n\t\t\t\t\t<div class=\"wd-modified-date\">\n\t\t\t\t\t\t\t\t<time class=\"updated\" datetime=\"2022-01-24T12:04:50-03:00\">\n\t\t\t24 enero, 2022\t\t<\/time>\n\t\t\t\t\t\t\t<\/div>\n\n\t\t\t\t\t\t\t\t\t\t\t<div class=\"wd-post-share wd-tltp\">\n\t\t\t\t\t\t\t<div class=\"tooltip top\">\n\t\t\t\t\t\t\t\t<div class=\"tooltip-inner\">\n\t\t\t\t\t\t\t\t\t\t\t\t<div\n\t\t\t\t\t\tclass=\" wd-social-icons wd-style-default wd-size-small social-share wd-shape-circle color-scheme-light text-center\">\n\t\t\t\t\n\t\t\t\t\n\t\t\t\t\t\t\t\t\t<a rel=\"noopener noreferrer nofollow\" href=\"https:\/\/www.facebook.com\/sharer\/sharer.php?u=https:\/\/samkya.bio\/experiencia-con-mascarilla-de-aloe-para-reducir-el-acne\/\" target=\"_blank\" class=\" wd-social-icon social-facebook\" aria-label=\"Facebook social link\">\n\t\t\t\t\t\t<span class=\"wd-icon\"><\/span>\n\t\t\t\t\t\t\t\t\t\t\t<\/a>\n\t\t\t\t\n\t\t\t\t\t\t\t\t\t<a rel=\"noopener noreferrer nofollow\" href=\"https:\/\/x.com\/share?url=https:\/\/samkya.bio\/experiencia-con-mascarilla-de-aloe-para-reducir-el-acne\/\" target=\"_blank\" class=\" wd-social-icon social-twitter\" aria-label=\"X social link\">\n\t\t\t\t\t\t<span class=\"wd-icon\"><\/span>\n\t\t\t\t\t\t\t\t\t\t\t<\/a>\n\t\t\t\t\n\t\t\t\t\n\t\t\t\t\n\t\t\t\t\n\t\t\t\t\n\t\t\t\t\n\t\t\t\t\t\t\t\t\t<a rel=\"noopener noreferrer nofollow\" href=\"https:\/\/pinterest.com\/pin\/create\/button\/?url=https:\/\/samkya.bio\/experiencia-con-mascarilla-de-aloe-para-reducir-el-acne\/&media=https:\/\/samkya.bio\/wp-content\/uploads\/2021\/09\/Receta_acne.jpg&description=Experiencia+con+mascarilla+de+Aloe+para+reducir+el+acn%C3%A9\" target=\"_blank\" class=\" wd-social-icon social-pinterest\" aria-label=\"Pinterest social link\">\n\t\t\t\t\t\t<span class=\"wd-icon\"><\/span>\n\t\t\t\t\t\t\t\t\t\t\t<\/a>\n\t\t\t\t\n\t\t\t\t\n\t\t\t\t\t\t\t\t\t<a rel=\"noopener noreferrer nofollow\" href=\"https:\/\/www.linkedin.com\/shareArticle?mini=true&url=https:\/\/samkya.bio\/experiencia-con-mascarilla-de-aloe-para-reducir-el-acne\/\" target=\"_blank\" class=\" wd-social-icon social-linkedin\" aria-label=\"Linkedin social link\">\n\t\t\t\t\t\t<span class=\"wd-icon\"><\/span>\n\t\t\t\t\t\t\t\t\t\t\t<\/a>\n\t\t\t\t\n\t\t\t\t\n\t\t\t\t\n\t\t\t\t\n\t\t\t\t\n\t\t\t\t\n\t\t\t\t\n\t\t\t\t\n\t\t\t\t\n\t\t\t\t\n\t\t\t\t\n\t\t\t\t\n\t\t\t\t\n\t\t\t\t\n\t\t\t\t\n\t\t\t\t\t\t\t\t\t<a rel=\"noopener noreferrer nofollow\" href=\"https:\/\/telegram.me\/share\/url?url=https:\/\/samkya.bio\/experiencia-con-mascarilla-de-aloe-para-reducir-el-acne\/\" target=\"_blank\" class=\" wd-social-icon social-tg\" aria-label=\"Telegram social link\">\n\t\t\t\t\t\t<span class=\"wd-icon\"><\/span>\n\t\t\t\t\t\t\t\t\t\t\t<\/a>\n\t\t\t\t\n\t\t\t\t\n\t\t\t<\/div>\n\n\t\t\t\t\t\t\t\t\t\t<\/div>\n\t\t\t\t\t\t\t\t<div class=\"tooltip-arrow\"><\/div>\n\t\t\t\t\t\t\t<\/div>\n\t\t\t\t\t\t<\/div>\n\t\t\t\t\t\n\t\t\t\t\t\t\t\t\t\t\t\t\t\t\t\t\t<div class=\"wd-post-reply wd-style-1\">\n\t\t\t\t\t\t\t<a href=\"https:\/\/samkya.bio\/experiencia-con-mascarilla-de-aloe-para-reducir-el-acne\/#respond\"><span class=\"wd-replies-count\">0<\/span><\/a>\t\t\t\t\t\t<\/div>\n\t\t\t\t\t\t\t\t\t<\/div>\n\t\t\t\n\t\t\t\t\t\t\t\t\t\t\t\t<div class=\"wd-post-excerpt entry-content\">\n\t\t\t\t\t\t\t\t\t\t\t<\/div>\n\t\t\t\t\n\t\t\t\t\t\t\t\t\t\t\t\t\t\t<div class=\"wd-post-read-more wd-style-link read-more-section\">\n\t\t\t\t\t\t<a class=\"\" href=\"https:\/\/samkya.bio\/experiencia-con-mascarilla-de-aloe-para-reducir-el-acne\/\">Leer m\u00e1s<\/a>\t\t\t\t\t<\/div>\n\t\t\t\t\t\t\t\t\t\t\t\t\t<\/div>\n\t<\/div>\n<\/article>\n\n\t\t\t\t\t\t\t\t\t\t\t<p>Dos tipos de aceites muy utilizados y a la vez muy distintos. Con caracter\u00edsticas, propiedades, usos y beneficios diferentes pero...<\/p><p class=\"read-more-section\"><a class=\"\" href=\"https:\/\/samkya.bio\/cual-es-la-diferencia-entre-los-aceites-vegetales-y-los-aceites-esenciales\/\">Leer m\u00e1s<\/a><\/p>\n<article id=\"post-213\" class=\"wd-post blog-design-default blog-post-loop blog-style-flat wd-col post-213 post type-post status-publish format-standard has-post-thumbnail hentry category-terapeutico tag-aceites tag-aromaterapia tag-esenciales tag-hidratantes tag-nutritivos tag-piel tag-vegetales\">\n\t<div class=\"wd-post-inner article-inner\">\n\t\t\t\t\t<div class=\"wd-post-thumb entry-header\">\n\t\t\t\t\t\t\t\t\t<div class=\"wd-post-img post-img-wrapp\">\n\t\t\t\t\t\t<img width=\"564\" height=\"846\" src=\"https:\/\/samkya.bio\/wp-content\/uploads\/2021\/09\/Diferencia_aceites_esenciales_vegetales.jpg\" class=\"attachment-large size-large\" alt=\"Diferencia aceites esenciales vegetales\" decoding=\"async\" srcset=\"https:\/\/samkya.bio\/wp-content\/uploads\/2021\/09\/Diferencia_aceites_esenciales_vegetales.jpg 564w, https:\/\/samkya.bio\/wp-content\/uploads\/2021\/09\/Diferencia_aceites_esenciales_vegetales-200x300.jpg 200w, https:\/\/samkya.bio\/wp-content\/uploads\/2021\/09\/Diferencia_aceites_esenciales_vegetales-150x225.jpg 150w\" sizes=\"(max-width: 564px) 100vw, 564px\" \/>\t\t\t\t\t<\/div>\n\t\t\t\t\t<a class=\"wd-fill\" href=\"https:\/\/samkya.bio\/cual-es-la-diferencia-entre-los-aceites-vegetales-y-los-aceites-esenciales\/\"><\/a>\n\t\t\t\t\n\t\t\t\t\t\t\t\t\t\t\t\t<div class=\"wd-post-date wd-style-with-bg\">\n\t\t\t\t<span class=\"post-date-day\">\n\t\t\t\t\t15\t\t\t\t<\/span>\n\t\t\t\t<span class=\"post-date-month\">\n\t\t\t\t\tSep\t\t\t\t<\/span>\n\t\t\t<\/div>\n\t\t\t\t\t\t\t\t\t<\/div>\n\t\t\n\t\t<div class=\"wd-post-content article-body-container\">\n\t\t\t\t\t\t\t<div class=\"wd-post-cat wd-style-with-bg meta-post-categories\">\n\t\t\t\t\t<a href=\"https:\/\/samkya.bio\/category\/terapeutico\/\" rel=\"category tag\">Terap\u00e9utico<\/a>\t\t\t\t<\/div>\n\t\t\t\n\t\t\t\t\t\t\t<h3 class=\"wd-post-title wd-entities-title title post-title\">\n\t\t\t\t\t<a href=\"https:\/\/samkya.bio\/cual-es-la-diferencia-entre-los-aceites-vegetales-y-los-aceites-esenciales\/\" rel=\"bookmark\">\u00bfCu\u00e1l es la diferencia entre los aceites vegetales y los aceites esenciales?<\/a>\n\t\t\t\t<\/h3>\n\t\t\t\n\t\t\t\t\t\t\t<div class=\"wd-post-meta\">\n\t\t\t\t\t\t\t\t\t\t\t\t\t\t\t<div class=\"wd-post-author\">\n\t\t\t\t\t\t\t\t\t\t\t<span>Escrito por<\/span>\n\t\t\n\t\t\t\t\t<img alt='author-avatar' src='https:\/\/secure.gravatar.com\/avatar\/e0d19cce4489f5dafc49ab1456fa496b1d611891fe4c6b2147d3007ad8be981b?s=18&#038;d=mm&#038;r=g' srcset='https:\/\/secure.gravatar.com\/avatar\/e0d19cce4489f5dafc49ab1456fa496b1d611891fe4c6b2147d3007ad8be981b?s=36&#038;d=mm&#038;r=g 2x' class='avatar avatar-18 photo' height='18' width='18' decoding='async'\/>\t\t\n\t\t\t\t\t<a href=\"https:\/\/samkya.bio\/author\/diezmilseresestudiogmail-com\/\" class=\"author\" rel=\"author\">catalina heber<\/a>\n\t\t\t\t\t\t\t\t\t<\/div>\n\t\t\t\t\t<div class=\"wd-modified-date\">\n\t\t\t\t\t\t\t\t<time class=\"updated\" datetime=\"2021-09-21T11:09:44-03:00\">\n\t\t\t21 septiembre, 2021\t\t<\/time>\n\t\t\t\t\t\t\t<\/div>\n\n\t\t\t\t\t\t\t\t\t\t\t<div class=\"wd-post-share wd-tltp\">\n\t\t\t\t\t\t\t<div class=\"tooltip top\">\n\t\t\t\t\t\t\t\t<div class=\"tooltip-inner\">\n\t\t\t\t\t\t\t\t\t\t\t\t<div\n\t\t\t\t\t\tclass=\" wd-social-icons wd-style-default wd-size-small social-share wd-shape-circle color-scheme-light text-center\">\n\t\t\t\t\n\t\t\t\t\n\t\t\t\t\t\t\t\t\t<a rel=\"noopener noreferrer nofollow\" href=\"https:\/\/www.facebook.com\/sharer\/sharer.php?u=https:\/\/samkya.bio\/cual-es-la-diferencia-entre-los-aceites-vegetales-y-los-aceites-esenciales\/\" target=\"_blank\" class=\" wd-social-icon social-facebook\" aria-label=\"Facebook social link\">\n\t\t\t\t\t\t<span class=\"wd-icon\"><\/span>\n\t\t\t\t\t\t\t\t\t\t\t<\/a>\n\t\t\t\t\n\t\t\t\t\t\t\t\t\t<a rel=\"noopener noreferrer nofollow\" href=\"https:\/\/x.com\/share?url=https:\/\/samkya.bio\/cual-es-la-diferencia-entre-los-aceites-vegetales-y-los-aceites-esenciales\/\" target=\"_blank\" class=\" wd-social-icon social-twitter\" aria-label=\"X social link\">\n\t\t\t\t\t\t<span class=\"wd-icon\"><\/span>\n\t\t\t\t\t\t\t\t\t\t\t<\/a>\n\t\t\t\t\n\t\t\t\t\n\t\t\t\t\n\t\t\t\t\n\t\t\t\t\n\t\t\t\t\n\t\t\t\t\t\t\t\t\t<a rel=\"noopener noreferrer nofollow\" href=\"https:\/\/pinterest.com\/pin\/create\/button\/?url=https:\/\/samkya.bio\/cual-es-la-diferencia-entre-los-aceites-vegetales-y-los-aceites-esenciales\/&media=https:\/\/samkya.bio\/wp-content\/uploads\/2021\/09\/Diferencia_aceites_esenciales_vegetales.jpg&description=%C2%BFCu%C3%A1l+es+la+diferencia+entre+los+aceites+vegetales+y+los+aceites+esenciales%3F\" target=\"_blank\" class=\" wd-social-icon social-pinterest\" aria-label=\"Pinterest social link\">\n\t\t\t\t\t\t<span class=\"wd-icon\"><\/span>\n\t\t\t\t\t\t\t\t\t\t\t<\/a>\n\t\t\t\t\n\t\t\t\t\n\t\t\t\t\t\t\t\t\t<a rel=\"noopener noreferrer nofollow\" href=\"https:\/\/www.linkedin.com\/shareArticle?mini=true&url=https:\/\/samkya.bio\/cual-es-la-diferencia-entre-los-aceites-vegetales-y-los-aceites-esenciales\/\" target=\"_blank\" class=\" wd-social-icon social-linkedin\" aria-label=\"Linkedin social link\">\n\t\t\t\t\t\t<span class=\"wd-icon\"><\/span>\n\t\t\t\t\t\t\t\t\t\t\t<\/a>\n\t\t\t\t\n\t\t\t\t\n\t\t\t\t\n\t\t\t\t\n\t\t\t\t\n\t\t\t\t\n\t\t\t\t\n\t\t\t\t\n\t\t\t\t\n\t\t\t\t\n\t\t\t\t\n\t\t\t\t\n\t\t\t\t\n\t\t\t\t\n\t\t\t\t\n\t\t\t\t\t\t\t\t\t<a rel=\"noopener noreferrer nofollow\" href=\"https:\/\/telegram.me\/share\/url?url=https:\/\/samkya.bio\/cual-es-la-diferencia-entre-los-aceites-vegetales-y-los-aceites-esenciales\/\" target=\"_blank\" class=\" wd-social-icon social-tg\" aria-label=\"Telegram social link\">\n\t\t\t\t\t\t<span class=\"wd-icon\"><\/span>\n\t\t\t\t\t\t\t\t\t\t\t<\/a>\n\t\t\t\t\n\t\t\t\t\n\t\t\t<\/div>\n\n\t\t\t\t\t\t\t\t\t\t<\/div>\n\t\t\t\t\t\t\t\t<div class=\"tooltip-arrow\"><\/div>\n\t\t\t\t\t\t\t<\/div>\n\t\t\t\t\t\t<\/div>\n\t\t\t\t\t\n\t\t\t\t\t\t\t\t\t\t\t\t\t\t\t\t\t<div class=\"wd-post-reply wd-style-1\">\n\t\t\t\t\t\t\t<a href=\"https:\/\/samkya.bio\/cual-es-la-diferencia-entre-los-aceites-vegetales-y-los-aceites-esenciales\/#respond\"><span class=\"wd-replies-count\">0<\/span><\/a>\t\t\t\t\t\t<\/div>\n\t\t\t\t\t\t\t\t\t<\/div>\n\t\t\t\n\t\t\t\t\t\t\t\t\t\t\t\t<div class=\"wd-post-excerpt entry-content\">\n\t\t\t\t\t\t\t\t\t\t\t<\/div>\n\t\t\t\t\n\t\t\t\t\t\t\t\t\t\t\t\t\t\t<div class=\"wd-post-read-more wd-style-link read-more-section\">\n\t\t\t\t\t\t<a class=\"\" href=\"https:\/\/samkya.bio\/cual-es-la-diferencia-entre-los-aceites-vegetales-y-los-aceites-esenciales\/\">Leer m\u00e1s<\/a>\t\t\t\t\t<\/div>\n\t\t\t\t\t\t\t\t\t\t\t\t\t<\/div>\n\t<\/div>\n<\/article>\n\n\t\t\t\t\t\n\t\t\t\t\t","status":"no-more-posts","nextPage":"?woo_ajax=1","currentPage":"https:\/\/samkya.bio\/author\/diezmilseresestudiogmail-com\/page\/2"}